{"id":1185,"date":"2017-04-02T12:13:46","date_gmt":"2017-04-02T10:13:46","guid":{"rendered":"http:\/\/www.orchestragiovaniledellostretto.it\/?p=1185"},"modified":"2017-11-29T15:36:51","modified_gmt":"2017-11-29T14:36:51","slug":"24-concorso-a-m-a-calabria","status":"publish","type":"post","link":"https:\/\/www.orchestragiovaniledellostretto.it\/?p=1185","title":{"rendered":"24\u00b0 Concorso A.M.A Calabria"},"content":{"rendered":"<div id='gallery-1' class='gallery galleryid-1185 gallery-columns-3 gallery-size-thumbnail'><figure class='gallery-item'>\n\t\t\t<div class='gallery-icon landscape'>\n\t\t\t\t<a href='https:\/\/www.orchestragiovaniledellostretto.it\/?attachment_id=1207'><img loading=\"lazy\" decoding=\"async\" width=\"150\" height=\"150\" src=\"https:\/\/www.orchestragiovaniledellostretto.it\/wp-content\/uploads\/2017\/04\/17635582_1345769245462501_7161208199059335828_o-150x150.jpg\" class=\"attachment-thumbnail size-thumbnail\" alt=\"\" \/><\/a>\n\t\t\t<\/div><\/figure><figure class='gallery-item'>\n\t\t\t<div class='gallery-icon landscape'>\n\t\t\t\t<a href='https:\/\/www.orchestragiovaniledellostretto.it\/?attachment_id=1206'><img loading=\"lazy\" decoding=\"async\" width=\"150\" height=\"150\" src=\"https:\/\/www.orchestragiovaniledellostretto.it\/wp-content\/uploads\/2017\/04\/17635352_1345753112130781_7253522075355506353_o-150x150.jpg\" class=\"attachment-thumbnail size-thumbnail\" alt=\"\" \/><\/a>\n\t\t\t<\/div><\/figure><figure class='gallery-item'>\n\t\t\t<div class='gallery-icon landscape'>\n\t\t\t\t<a href='https:\/\/www.orchestragiovaniledellostretto.it\/?attachment_id=1205'><img loading=\"lazy\" decoding=\"async\" width=\"150\" height=\"150\" src=\"https:\/\/www.orchestragiovaniledellostretto.it\/wp-content\/uploads\/2017\/04\/17635260_1345755835463842_7171531170776293307_o-150x150.jpg\" class=\"attachment-thumbnail size-thumbnail\" alt=\"\" \/><\/a>\n\t\t\t<\/div><\/figure><figure class='gallery-item'>\n\t\t\t<div class='gallery-icon landscape'>\n\t\t\t\t<a href='https:\/\/www.orchestragiovaniledellostretto.it\/?attachment_id=1204'><img loading=\"lazy\" decoding=\"async\" width=\"150\" height=\"150\" src=\"https:\/\/www.orchestragiovaniledellostretto.it\/wp-content\/uploads\/2017\/04\/17632333_1345773702128722_1925424477987708155_o-150x150.jpg\" class=\"attachment-thumbnail size-thumbnail\" alt=\"\" \/><\/a>\n\t\t\t<\/div><\/figure><figure class='gallery-item'>\n\t\t\t<div class='gallery-icon landscape'>\n\t\t\t\t<a href='https:\/\/www.orchestragiovaniledellostretto.it\/?attachment_id=1203'><img loading=\"lazy\" decoding=\"async\" width=\"150\" height=\"150\" src=\"https:\/\/www.orchestragiovaniledellostretto.it\/wp-content\/uploads\/2017\/04\/17632262_1345763268796432_508931159422461064_o-150x150.jpg\" class=\"attachment-thumbnail size-thumbnail\" alt=\"\" \/><\/a>\n\t\t\t<\/div><\/figure><figure class='gallery-item'>\n\t\t\t<div class='gallery-icon landscape'>\n\t\t\t\t<a href='https:\/\/www.orchestragiovaniledellostretto.it\/?attachment_id=1202'><img loading=\"lazy\" decoding=\"async\" width=\"150\" height=\"150\" src=\"https:\/\/www.orchestragiovaniledellostretto.it\/wp-content\/uploads\/2017\/04\/17632257_1345780838794675_7510151466468677564_o-150x150.jpg\" class=\"attachment-thumbnail size-thumbnail\" alt=\"\" \/><\/a>\n\t\t\t<\/div><\/figure><figure class='gallery-item'>\n\t\t\t<div class='gallery-icon landscape'>\n\t\t\t\t<a href='https:\/\/www.orchestragiovaniledellostretto.it\/?attachment_id=1199'><img loading=\"lazy\" decoding=\"async\" width=\"150\" height=\"150\" src=\"https:\/\/www.orchestragiovaniledellostretto.it\/wp-content\/uploads\/2017\/04\/17622056_1345784168794342_5264561909244297515_o-150x150.jpg\" class=\"attachment-thumbnail size-thumbnail\" alt=\"\" \/><\/a>\n\t\t\t<\/div><\/figure><figure class='gallery-item'>\n\t\t\t<div class='gallery-icon landscape'>\n\t\t\t\t<a href='https:\/\/www.orchestragiovaniledellostretto.it\/?attachment_id=1198'><img loading=\"lazy\" decoding=\"async\" width=\"150\" height=\"150\" src=\"https:\/\/www.orchestragiovaniledellostretto.it\/wp-content\/uploads\/2017\/04\/17621906_1345777688794990_3584085411951063440_o-150x150.jpg\" class=\"attachment-thumbnail size-thumbnail\" alt=\"\" \/><\/a>\n\t\t\t<\/div><\/figure><figure class='gallery-item'>\n\t\t\t<div class='gallery-icon landscape'>\n\t\t\t\t<a href='https:\/\/www.orchestragiovaniledellostretto.it\/?attachment_id=1197'><img loading=\"lazy\" decoding=\"async\" width=\"150\" height=\"150\" src=\"https:\/\/www.orchestragiovaniledellostretto.it\/wp-content\/uploads\/2017\/04\/17621751_1345752065464219_5647926425969947937_o-150x150.jpg\" class=\"attachment-thumbnail size-thumbnail\" alt=\"\" \/><\/a>\n\t\t\t<\/div><\/figure><figure class='gallery-item'>\n\t\t\t<div class='gallery-icon landscape'>\n\t\t\t\t<a href='https:\/\/www.orchestragiovaniledellostretto.it\/?attachment_id=1196'><img loading=\"lazy\" decoding=\"async\" width=\"150\" height=\"150\" src=\"https:\/\/www.orchestragiovaniledellostretto.it\/wp-content\/uploads\/2017\/04\/17620568_1345770928795666_37193971091583844_o-150x150.jpg\" class=\"attachment-thumbnail size-thumbnail\" alt=\"\" \/><\/a>\n\t\t\t<\/div><\/figure><figure class='gallery-item'>\n\t\t\t<div class='gallery-icon landscape'>\n\t\t\t\t<a href='https:\/\/www.orchestragiovaniledellostretto.it\/?attachment_id=1195'><img loading=\"lazy\" decoding=\"async\" width=\"150\" height=\"150\" src=\"https:\/\/www.orchestragiovaniledellostretto.it\/wp-content\/uploads\/2017\/04\/17620562_1345752992130793_8454818524033995831_o-150x150.jpg\" class=\"attachment-thumbnail size-thumbnail\" alt=\"\" \/><\/a>\n\t\t\t<\/div><\/figure><figure class='gallery-item'>\n\t\t\t<div class='gallery-icon landscape'>\n\t\t\t\t<a href='https:\/\/www.orchestragiovaniledellostretto.it\/?attachment_id=1192'><img loading=\"lazy\" decoding=\"async\" width=\"150\" height=\"150\" src=\"https:\/\/www.orchestragiovaniledellostretto.it\/wp-content\/uploads\/2017\/04\/17620280_1345753962130696_4210795128376262712_o-150x150.jpg\" class=\"attachment-thumbnail size-thumbnail\" alt=\"\" \/><\/a>\n\t\t\t<\/div><\/figure><figure class='gallery-item'>\n\t\t\t<div class='gallery-icon landscape'>\n\t\t\t\t<a href='https:\/\/www.orchestragiovaniledellostretto.it\/?attachment_id=1191'><img loading=\"lazy\" decoding=\"async\" width=\"150\" height=\"150\" src=\"https:\/\/www.orchestragiovaniledellostretto.it\/wp-content\/uploads\/2017\/04\/17546847_1345775978795161_5696580767042163757_o-150x150.jpg\" class=\"attachment-thumbnail size-thumbnail\" alt=\"\" \/><\/a>\n\t\t\t<\/div><\/figure><figure class='gallery-item'>\n\t\t\t<div class='gallery-icon landscape'>\n\t\t\t\t<a href='https:\/\/www.orchestragiovaniledellostretto.it\/?attachment_id=1190'><img loading=\"lazy\" decoding=\"async\" width=\"150\" height=\"150\" src=\"https:\/\/www.orchestragiovaniledellostretto.it\/wp-content\/uploads\/2017\/04\/17505186_1358768090883477_2082421292076286844_o-150x150.jpg\" class=\"attachment-thumbnail size-thumbnail\" alt=\"\" \/><\/a>\n\t\t\t<\/div><\/figure><figure class='gallery-item'>\n\t\t\t<div class='gallery-icon landscape'>\n\t\t\t\t<a href='https:\/\/www.orchestragiovaniledellostretto.it\/?attachment_id=1189'><img loading=\"lazy\" decoding=\"async\" width=\"150\" height=\"150\" src=\"https:\/\/www.orchestragiovaniledellostretto.it\/wp-content\/uploads\/2017\/04\/17492706_1345754868797272_219177693505572926_o-150x150.jpg\" class=\"attachment-thumbnail size-thumbnail\" alt=\"\" \/><\/a>\n\t\t\t<\/div><\/figure><figure class='gallery-item'>\n\t\t\t<div class='gallery-icon landscape'>\n\t\t\t\t<a href='https:\/\/www.orchestragiovaniledellostretto.it\/?attachment_id=1188'><img loading=\"lazy\" decoding=\"async\" width=\"150\" height=\"150\" src=\"https:\/\/www.orchestragiovaniledellostretto.it\/wp-content\/uploads\/2017\/04\/17492357_1345775448795214_95967371709808810_o-150x150.jpg\" class=\"attachment-thumbnail size-thumbnail\" alt=\"\" \/><\/a>\n\t\t\t<\/div><\/figure><figure class='gallery-item'>\n\t\t\t<div class='gallery-icon landscape'>\n\t\t\t\t<a href='https:\/\/www.orchestragiovaniledellostretto.it\/?attachment_id=1187'><img loading=\"lazy\" decoding=\"async\" width=\"150\" height=\"150\" src=\"https:\/\/www.orchestragiovaniledellostretto.it\/wp-content\/uploads\/2017\/04\/17435912_1358767994216820_5605868336941903059_o-150x150.jpg\" class=\"attachment-thumbnail size-thumbnail\" alt=\"\" \/><\/a>\n\t\t\t<\/div><\/figure><figure class='gallery-item'>\n\t\t\t<div class='gallery-icon landscape'>\n\t\t\t\t<a href='https:\/\/www.orchestragiovaniledellostretto.it\/?attachment_id=1186'><img loading=\"lazy\" decoding=\"async\" width=\"150\" height=\"150\" src=\"https:\/\/www.orchestragiovaniledellostretto.it\/wp-content\/uploads\/2017\/04\/17390704_1345761642129928_2455635921716511071_o-150x150.jpg\" class=\"attachment-thumbnail size-thumbnail\" alt=\"\" \/><\/a>\n\t\t\t<\/div><\/figure>\n\t\t<\/div>\n\n<p>Secondo Premio al 24\u00b0 Concorso Nazionale Bandistico AMA Calabria \u2013 Categoria Giovanile -Junior<\/p>\n<p>Grazie, per tutte quelle volte in cui eravate stanchi da voler s<span class=\"text_exposed_show\">mettere, ma non l\u2019avete fatto;<br \/>\nGrazie, perch\u00e9 avete dimostrato di saper lavorare bene assieme ed essere veri compagni di squadra;<br \/>\nGrazie, perch\u00e9 state imparando che nella musica, come nella vita, il successo non arriva da un giorno all&#8217;altro, ma ci vogliono ore ed ore di studio e disciplina;<br \/>\nGrazie, perch\u00e9 nonostante le difficolt\u00e0, riuscite darci la forza di portare avanti questo grande \u201cfolle\u201d progetto;<br \/>\nGrazie, perch\u00e9 siete la dimostrazione che attraverso la musica si impara la solidariet\u00e0, la legalit\u00e0, l\u2019armonia, l\u2019ordine, la bellezza, il rispetto. E prima di tutto l\u2019umilt\u00e0;<br \/>\nGrazie, perch\u00e9 i vostri sorrisi e la vostra crescita sono la conferma che \u00e8 giusto \u201cSuonare e Lottare\u201d per un domani migliore.<\/span><\/p>\n<div class=\"text_exposed_show\">\n<p>(\u2026e Grazie a chi ha reso possibile tutto ci\u00f2 aiutandoci nel nostro percorso di crescita\u2026)<\/p>\n<\/div>\n","protected":false},"excerpt":{"rendered":"<p>Secondo Premio al 24\u00b0 Concorso Nazionale Bandistico AMA Calabria \u2013 Categoria Giovanile -Junior Grazie, per tutte quelle volte in cui eravate stanchi da voler smettere, ma non l\u2019avete fatto; Grazie, perch\u00e9 avete dimostrato di saper lavorare bene assieme ed essere veri compagni di squadra; Grazie, perch\u00e9 state imparando che nella musica, come nella vita, il [&hellip;]<\/p>\n","protected":false},"author":4,"featured_media":1212,"comment_status":"open","ping_status":"open","sticky":false,"template":"","format":"gallery","meta":{"footnotes":""},"categories":[1],"tags":[],"class_list":["post-1185","post","type-post","status-publish","format-gallery","has-post-thumbnail","hentry","category-concerti","post_format-post-format-gallery"],"_links":{"self":[{"href":"https:\/\/www.orchestragiovaniledellostretto.it\/index.php?rest_route=\/wp\/v2\/posts\/1185","targetHints":{"allow":["GET"]}}],"collection":[{"href":"https:\/\/www.orchestragiovaniledellostretto.it\/index.php?rest_route=\/wp\/v2\/posts"}],"about":[{"href":"https:\/\/www.orchestragiovaniledellostretto.it\/index.php?rest_route=\/wp\/v2\/types\/post"}],"author":[{"embeddable":true,"href":"https:\/\/www.orchestragiovaniledellostretto.it\/index.php?rest_route=\/wp\/v2\/users\/4"}],"replies":[{"embeddable":true,"href":"https:\/\/www.orchestragiovaniledellostretto.it\/index.php?rest_route=%2Fwp%2Fv2%2Fcomments&post=1185"}],"version-history":[{"count":3,"href":"https:\/\/www.orchestragiovaniledellostretto.it\/index.php?rest_route=\/wp\/v2\/posts\/1185\/revisions"}],"predecessor-version":[{"id":1335,"href":"https:\/\/www.orchestragiovaniledellostretto.it\/index.php?rest_route=\/wp\/v2\/posts\/1185\/revisions\/1335"}],"wp:featuredmedia":[{"embeddable":true,"href":"https:\/\/www.orchestragiovaniledellostretto.it\/index.php?rest_route=\/wp\/v2\/media\/1212"}],"wp:attachment":[{"href":"https:\/\/www.orchestragiovaniledellostretto.it\/index.php?rest_route=%2Fwp%2Fv2%2Fmedia&parent=1185"}],"wp:term":[{"taxonomy":"category","embeddable":true,"href":"https:\/\/www.orchestragiovaniledellostretto.it\/index.php?rest_route=%2Fwp%2Fv2%2Fcategories&post=1185"},{"taxonomy":"post_tag","embeddable":true,"href":"https:\/\/www.orchestragiovaniledellostretto.it\/index.php?rest_route=%2Fwp%2Fv2%2Ftags&post=1185"}],"curies":[{"name":"wp","href":"https:\/\/api.w.org\/{rel}","templated":true}]}}